{"id":739,"date":"2026-01-21T13:55:55","date_gmt":"2026-01-21T12:55:55","guid":{"rendered":"https:\/\/marketeon.fr\/?p=739"},"modified":"2026-01-21T13:56:58","modified_gmt":"2026-01-21T12:56:58","slug":"marketeon-rejoint-le-reseau-des-activateurs-france-num-pour-accelerer-la-transformation-numerique-des-pme","status":"publish","type":"post","link":"https:\/\/marketeon.fr\/index.php\/2026\/01\/21\/marketeon-rejoint-le-reseau-des-activateurs-france-num-pour-accelerer-la-transformation-numerique-des-pme\/","title":{"rendered":"Marketeon rejoint le r\u00e9seau des Activateurs France Num pour acc\u00e9l\u00e9rer la transformation num\u00e9rique des PME"},"content":{"rendered":"<p>Marketeon est d\u00e9sormais <a href=\"https:\/\/www.francenum.gouv.fr\/activateurs\/marketeon\"><strong>Activateur r\u00e9f\u00e9renc\u00e9 France Num<\/strong><\/a>, rejoignant un r\u00e9seau de plus de <strong>4 000 experts du num\u00e9rique<\/strong> d\u00e9di\u00e9s \u00e0 accompagner les TPE et PME dans leur transformation num\u00e9rique. Cette reconnaissance officielle s\u2019inscrit dans notre mission : aider les entreprises \u00e0 tirer pleinement parti du digital pour structurer leur d\u00e9veloppement, renforcer leur visibilit\u00e9 et am\u00e9liorer leur productivit\u00e9.<\/p>\n<p>De nombreuses PME peinent encore \u00e0 franchir les \u00e9tapes cl\u00e9s de leur transformation digitale. Elles rencontrent des difficult\u00e9s telles que des strat\u00e9gies commerciales et marketing non structur\u00e9es, une visibilit\u00e9 en ligne limit\u00e9e, une g\u00e9n\u00e9ration de leads insuffisante ou encore des outils internes dispers\u00e9s et mal int\u00e9gr\u00e9s qui ralentissent leurs processus et leur croissance. \u00c0 ces d\u00e9fis s\u2019ajoutent souvent une faible utilisation de solutions num\u00e9riques avanc\u00e9es, une absence de cybers\u00e9curit\u00e9 robuste et des \u00e9quipements informatiques inadapt\u00e9s, limitant performance et productivit\u00e9.<\/p>\n<p>En tant qu\u2019Activateur France Num, Marketeon met aujourd\u2019hui son expertise op\u00e9rationnelle au service des PME pour r\u00e9pondre \u00e0 ces enjeux. Notre accompagnement couvre la <strong>strat\u00e9gie commerciale et marketing digital<\/strong>, la cr\u00e9ation de sites web performants et l\u2019optimisation SEO, l\u2019int\u00e9gration de <strong>solutions open source (CRM, ERP, GED)<\/strong>, l\u2019adoption de l\u2019intelligence artificielle, ainsi que la modernisation des environnements informatiques et t\u00e9l\u00e9coms \u00e9coresponsables. En combinant diagnostic, strat\u00e9gie et mise en \u0153uvre pratique, Marketeon aide les entreprises \u00e0 structurer leur transformation num\u00e9rique, \u00e0 g\u00e9n\u00e9rer des r\u00e9sultats mesurables et \u00e0 renforcer leur comp\u00e9titivit\u00e9 dans un environnement digital en constante \u00e9volution.<\/p>\n","protected":false},"excerpt":{"rendered":"<p>Marketeon est d\u00e9sormais Activateur r\u00e9f\u00e9renc\u00e9 France Num, rejoignant un r\u00e9seau de plus de 4 000 experts du num\u00e9rique d\u00e9di\u00e9s \u00e0 accompagner les TPE et PME dans leur transformation num\u00e9rique. Cette reconnaissance officielle s\u2019inscrit dans notre mission : aider les entreprises \u00e0 tirer pleinement parti du digital pour structurer leur d\u00e9veloppement, renforcer leur visibilit\u00e9 et am\u00e9liorer [&hellip;]<\/p>\n","protected":false},"author":1,"featured_media":726,"comment_status":"closed","ping_status":"open","sticky":false,"template":"","format":"standard","meta":{"footnotes":""},"categories":[20],"tags":[],"class_list":["post-739","post","type-post","status-publish","format-standard","has-post-thumbnail","hentry","category-digital"],"yoast_head":"<!-- This site is optimized with the Yoast SEO plugin v27.4 - https:\/\/yoast.com\/product\/yoast-seo-wordpress\/ -->\n<title>Marketeon rejoint le r\u00e9seau des Activateurs France Num pour acc\u00e9l\u00e9rer la transformation num\u00e9rique des PME - Marketeon.fr<\/title>\n<meta name=\"robots\" content=\"index, follow, max-snippet:-1, max-image-preview:large, max-video-preview:-1\" \/>\n<link rel=\"canonical\" href=\"https:\/\/marketeon.fr\/index.php\/2026\/01\/21\/marketeon-rejoint-le-reseau-des-activateurs-france-num-pour-accelerer-la-transformation-numerique-des-pme\/\" \/>\n<meta property=\"og:locale\" content=\"en_US\" \/>\n<meta property=\"og:type\" content=\"article\" \/>\n<meta property=\"og:title\" content=\"Marketeon rejoint le r\u00e9seau des Activateurs France Num pour acc\u00e9l\u00e9rer la transformation num\u00e9rique des PME - Marketeon.fr\" \/>\n<meta property=\"og:description\" content=\"Marketeon est d\u00e9sormais Activateur r\u00e9f\u00e9renc\u00e9 France Num, rejoignant un r\u00e9seau de plus de 4 000 experts du num\u00e9rique d\u00e9di\u00e9s \u00e0 accompagner les TPE et PME dans leur transformation num\u00e9rique. Cette reconnaissance officielle s\u2019inscrit dans notre mission : aider les entreprises \u00e0 tirer pleinement parti du digital pour structurer leur d\u00e9veloppement, renforcer leur visibilit\u00e9 et am\u00e9liorer [&hellip;]\" \/>\n<meta property=\"og:url\" content=\"https:\/\/marketeon.fr\/index.php\/2026\/01\/21\/marketeon-rejoint-le-reseau-des-activateurs-france-num-pour-accelerer-la-transformation-numerique-des-pme\/\" \/>\n<meta property=\"og:site_name\" content=\"Marketeon.fr\" \/>\n<meta property=\"article:published_time\" content=\"2026-01-21T12:55:55+00:00\" \/>\n<meta property=\"article:modified_time\" content=\"2026-01-21T12:56:58+00:00\" \/>\n<meta property=\"og:image\" content=\"https:\/\/marketeon.fr\/wp-content\/uploads\/2025\/11\/marques-filles-Activateur.jpg\" \/>\n\t<meta property=\"og:image:width\" content=\"800\" \/>\n\t<meta property=\"og:image:height\" content=\"729\" \/>\n\t<meta property=\"og:image:type\" content=\"image\/jpeg\" \/>\n<meta name=\"author\" content=\"Marketeon\" \/>\n<meta name=\"twitter:card\" content=\"summary_large_image\" \/>\n<meta name=\"twitter:label1\" content=\"Written by\" \/>\n\t<meta name=\"twitter:data1\" content=\"Marketeon\" \/>\n\t<meta name=\"twitter:label2\" content=\"Est. reading time\" \/>\n\t<meta name=\"twitter:data2\" content=\"2 minutes\" \/>\n<script type=\"application\/ld+json\" class=\"yoast-schema-graph\">{\"@context\":\"https:\\\/\\\/schema.org\",\"@graph\":[{\"@type\":\"Article\",\"@id\":\"https:\\\/\\\/marketeon.fr\\\/index.php\\\/2026\\\/01\\\/21\\\/marketeon-rejoint-le-reseau-des-activateurs-france-num-pour-accelerer-la-transformation-numerique-des-pme\\\/#article\",\"isPartOf\":{\"@id\":\"https:\\\/\\\/marketeon.fr\\\/index.php\\\/2026\\\/01\\\/21\\\/marketeon-rejoint-le-reseau-des-activateurs-france-num-pour-accelerer-la-transformation-numerique-des-pme\\\/\"},\"author\":{\"name\":\"Marketeon\",\"@id\":\"https:\\\/\\\/marketeon.fr\\\/#\\\/schema\\\/person\\\/9ba3c6f1629c62c5a8eb59ba63128a05\"},\"headline\":\"Marketeon rejoint le r\u00e9seau des Activateurs France Num pour acc\u00e9l\u00e9rer la transformation num\u00e9rique des PME\",\"datePublished\":\"2026-01-21T12:55:55+00:00\",\"dateModified\":\"2026-01-21T12:56:58+00:00\",\"mainEntityOfPage\":{\"@id\":\"https:\\\/\\\/marketeon.fr\\\/index.php\\\/2026\\\/01\\\/21\\\/marketeon-rejoint-le-reseau-des-activateurs-france-num-pour-accelerer-la-transformation-numerique-des-pme\\\/\"},\"wordCount\":285,\"publisher\":{\"@id\":\"https:\\\/\\\/marketeon.fr\\\/#organization\"},\"image\":{\"@id\":\"https:\\\/\\\/marketeon.fr\\\/index.php\\\/2026\\\/01\\\/21\\\/marketeon-rejoint-le-reseau-des-activateurs-france-num-pour-accelerer-la-transformation-numerique-des-pme\\\/#primaryimage\"},\"thumbnailUrl\":\"https:\\\/\\\/marketeon.fr\\\/wp-content\\\/uploads\\\/2025\\\/11\\\/marques-filles-Activateur.jpg\",\"articleSection\":[\"Digital\"],\"inLanguage\":\"en-US\"},{\"@type\":\"WebPage\",\"@id\":\"https:\\\/\\\/marketeon.fr\\\/index.php\\\/2026\\\/01\\\/21\\\/marketeon-rejoint-le-reseau-des-activateurs-france-num-pour-accelerer-la-transformation-numerique-des-pme\\\/\",\"url\":\"https:\\\/\\\/marketeon.fr\\\/index.php\\\/2026\\\/01\\\/21\\\/marketeon-rejoint-le-reseau-des-activateurs-france-num-pour-accelerer-la-transformation-numerique-des-pme\\\/\",\"name\":\"Marketeon rejoint le r\u00e9seau des Activateurs France Num pour acc\u00e9l\u00e9rer la transformation num\u00e9rique des PME - Marketeon.fr\",\"isPartOf\":{\"@id\":\"https:\\\/\\\/marketeon.fr\\\/#website\"},\"primaryImageOfPage\":{\"@id\":\"https:\\\/\\\/marketeon.fr\\\/index.php\\\/2026\\\/01\\\/21\\\/marketeon-rejoint-le-reseau-des-activateurs-france-num-pour-accelerer-la-transformation-numerique-des-pme\\\/#primaryimage\"},\"image\":{\"@id\":\"https:\\\/\\\/marketeon.fr\\\/index.php\\\/2026\\\/01\\\/21\\\/marketeon-rejoint-le-reseau-des-activateurs-france-num-pour-accelerer-la-transformation-numerique-des-pme\\\/#primaryimage\"},\"thumbnailUrl\":\"https:\\\/\\\/marketeon.fr\\\/wp-content\\\/uploads\\\/2025\\\/11\\\/marques-filles-Activateur.jpg\",\"datePublished\":\"2026-01-21T12:55:55+00:00\",\"dateModified\":\"2026-01-21T12:56:58+00:00\",\"breadcrumb\":{\"@id\":\"https:\\\/\\\/marketeon.fr\\\/index.php\\\/2026\\\/01\\\/21\\\/marketeon-rejoint-le-reseau-des-activateurs-france-num-pour-accelerer-la-transformation-numerique-des-pme\\\/#breadcrumb\"},\"inLanguage\":\"en-US\",\"potentialAction\":[{\"@type\":\"ReadAction\",\"target\":[\"https:\\\/\\\/marketeon.fr\\\/index.php\\\/2026\\\/01\\\/21\\\/marketeon-rejoint-le-reseau-des-activateurs-france-num-pour-accelerer-la-transformation-numerique-des-pme\\\/\"]}]},{\"@type\":\"ImageObject\",\"inLanguage\":\"en-US\",\"@id\":\"https:\\\/\\\/marketeon.fr\\\/index.php\\\/2026\\\/01\\\/21\\\/marketeon-rejoint-le-reseau-des-activateurs-france-num-pour-accelerer-la-transformation-numerique-des-pme\\\/#primaryimage\",\"url\":\"https:\\\/\\\/marketeon.fr\\\/wp-content\\\/uploads\\\/2025\\\/11\\\/marques-filles-Activateur.jpg\",\"contentUrl\":\"https:\\\/\\\/marketeon.fr\\\/wp-content\\\/uploads\\\/2025\\\/11\\\/marques-filles-Activateur.jpg\",\"width\":907,\"height\":826},{\"@type\":\"BreadcrumbList\",\"@id\":\"https:\\\/\\\/marketeon.fr\\\/index.php\\\/2026\\\/01\\\/21\\\/marketeon-rejoint-le-reseau-des-activateurs-france-num-pour-accelerer-la-transformation-numerique-des-pme\\\/#breadcrumb\",\"itemListElement\":[{\"@type\":\"ListItem\",\"position\":1,\"name\":\"Home\",\"item\":\"https:\\\/\\\/marketeon.fr\\\/\"},{\"@type\":\"ListItem\",\"position\":2,\"name\":\"Marketeon rejoint le r\u00e9seau des Activateurs France Num pour acc\u00e9l\u00e9rer la transformation num\u00e9rique des PME\"}]},{\"@type\":\"WebSite\",\"@id\":\"https:\\\/\\\/marketeon.fr\\\/#website\",\"url\":\"https:\\\/\\\/marketeon.fr\\\/\",\"name\":\"Marketeon\",\"description\":\"\",\"publisher\":{\"@id\":\"https:\\\/\\\/marketeon.fr\\\/#organization\"},\"potentialAction\":[{\"@type\":\"SearchAction\",\"target\":{\"@type\":\"EntryPoint\",\"urlTemplate\":\"https:\\\/\\\/marketeon.fr\\\/?s={search_term_string}\"},\"query-input\":{\"@type\":\"PropertyValueSpecification\",\"valueRequired\":true,\"valueName\":\"search_term_string\"}}],\"inLanguage\":\"en-US\"},{\"@type\":\"Organization\",\"@id\":\"https:\\\/\\\/marketeon.fr\\\/#organization\",\"name\":\"Marketeon\",\"url\":\"https:\\\/\\\/marketeon.fr\\\/\",\"logo\":{\"@type\":\"ImageObject\",\"inLanguage\":\"en-US\",\"@id\":\"https:\\\/\\\/marketeon.fr\\\/#\\\/schema\\\/logo\\\/image\\\/\",\"url\":\"https:\\\/\\\/marketeon.fr\\\/wp-content\\\/uploads\\\/2025\\\/11\\\/cropped-Logo-Template-Logo_30-2-normal.webp\",\"contentUrl\":\"https:\\\/\\\/marketeon.fr\\\/wp-content\\\/uploads\\\/2025\\\/11\\\/cropped-Logo-Template-Logo_30-2-normal.webp\",\"width\":1000,\"height\":250,\"caption\":\"Marketeon\"},\"image\":{\"@id\":\"https:\\\/\\\/marketeon.fr\\\/#\\\/schema\\\/logo\\\/image\\\/\"},\"sameAs\":[\"https:\\\/\\\/www.linkedin.com\\\/company\\\/marketeon\"]},{\"@type\":\"Person\",\"@id\":\"https:\\\/\\\/marketeon.fr\\\/#\\\/schema\\\/person\\\/9ba3c6f1629c62c5a8eb59ba63128a05\",\"name\":\"Marketeon\",\"image\":{\"@type\":\"ImageObject\",\"inLanguage\":\"en-US\",\"@id\":\"https:\\\/\\\/secure.gravatar.com\\\/avatar\\\/4549862728a7d2ac68e7f649c24763b5ba24d9e0f9e84834fe61d9589cb73bb6?s=96&d=mm&r=g\",\"url\":\"https:\\\/\\\/secure.gravatar.com\\\/avatar\\\/4549862728a7d2ac68e7f649c24763b5ba24d9e0f9e84834fe61d9589cb73bb6?s=96&d=mm&r=g\",\"contentUrl\":\"https:\\\/\\\/secure.gravatar.com\\\/avatar\\\/4549862728a7d2ac68e7f649c24763b5ba24d9e0f9e84834fe61d9589cb73bb6?s=96&d=mm&r=g\",\"caption\":\"Marketeon\"},\"sameAs\":[\"https:\\\/\\\/marketeon.fr\"],\"url\":\"https:\\\/\\\/marketeon.fr\\\/index.php\\\/author\\\/david\\\/\"}]}<\/script>\n<!-- \/ Yoast SEO plugin. -->","yoast_head_json":{"title":"Marketeon rejoint le r\u00e9seau des Activateurs France Num pour acc\u00e9l\u00e9rer la transformation num\u00e9rique des PME - Marketeon.fr","robots":{"index":"index","follow":"follow","max-snippet":"max-snippet:-1","max-image-preview":"max-image-preview:large","max-video-preview":"max-video-preview:-1"},"canonical":"https:\/\/marketeon.fr\/index.php\/2026\/01\/21\/marketeon-rejoint-le-reseau-des-activateurs-france-num-pour-accelerer-la-transformation-numerique-des-pme\/","og_locale":"en_US","og_type":"article","og_title":"Marketeon rejoint le r\u00e9seau des Activateurs France Num pour acc\u00e9l\u00e9rer la transformation num\u00e9rique des PME - Marketeon.fr","og_description":"Marketeon est d\u00e9sormais Activateur r\u00e9f\u00e9renc\u00e9 France Num, rejoignant un r\u00e9seau de plus de 4 000 experts du num\u00e9rique d\u00e9di\u00e9s \u00e0 accompagner les TPE et PME dans leur transformation num\u00e9rique. Cette reconnaissance officielle s\u2019inscrit dans notre mission : aider les entreprises \u00e0 tirer pleinement parti du digital pour structurer leur d\u00e9veloppement, renforcer leur visibilit\u00e9 et am\u00e9liorer [&hellip;]","og_url":"https:\/\/marketeon.fr\/index.php\/2026\/01\/21\/marketeon-rejoint-le-reseau-des-activateurs-france-num-pour-accelerer-la-transformation-numerique-des-pme\/","og_site_name":"Marketeon.fr","article_published_time":"2026-01-21T12:55:55+00:00","article_modified_time":"2026-01-21T12:56:58+00:00","og_image":[{"url":"https:\/\/marketeon.fr\/wp-content\/uploads\/2025\/11\/marques-filles-Activateur.jpg","width":800,"height":729,"type":"image\/jpeg"}],"author":"Marketeon","twitter_card":"summary_large_image","twitter_misc":{"Written by":"Marketeon","Est. reading time":"2 minutes"},"schema":{"@context":"https:\/\/schema.org","@graph":[{"@type":"Article","@id":"https:\/\/marketeon.fr\/index.php\/2026\/01\/21\/marketeon-rejoint-le-reseau-des-activateurs-france-num-pour-accelerer-la-transformation-numerique-des-pme\/#article","isPartOf":{"@id":"https:\/\/marketeon.fr\/index.php\/2026\/01\/21\/marketeon-rejoint-le-reseau-des-activateurs-france-num-pour-accelerer-la-transformation-numerique-des-pme\/"},"author":{"name":"Marketeon","@id":"https:\/\/marketeon.fr\/#\/schema\/person\/9ba3c6f1629c62c5a8eb59ba63128a05"},"headline":"Marketeon rejoint le r\u00e9seau des Activateurs France Num pour acc\u00e9l\u00e9rer la transformation num\u00e9rique des PME","datePublished":"2026-01-21T12:55:55+00:00","dateModified":"2026-01-21T12:56:58+00:00","mainEntityOfPage":{"@id":"https:\/\/marketeon.fr\/index.php\/2026\/01\/21\/marketeon-rejoint-le-reseau-des-activateurs-france-num-pour-accelerer-la-transformation-numerique-des-pme\/"},"wordCount":285,"publisher":{"@id":"https:\/\/marketeon.fr\/#organization"},"image":{"@id":"https:\/\/marketeon.fr\/index.php\/2026\/01\/21\/marketeon-rejoint-le-reseau-des-activateurs-france-num-pour-accelerer-la-transformation-numerique-des-pme\/#primaryimage"},"thumbnailUrl":"https:\/\/marketeon.fr\/wp-content\/uploads\/2025\/11\/marques-filles-Activateur.jpg","articleSection":["Digital"],"inLanguage":"en-US"},{"@type":"WebPage","@id":"https:\/\/marketeon.fr\/index.php\/2026\/01\/21\/marketeon-rejoint-le-reseau-des-activateurs-france-num-pour-accelerer-la-transformation-numerique-des-pme\/","url":"https:\/\/marketeon.fr\/index.php\/2026\/01\/21\/marketeon-rejoint-le-reseau-des-activateurs-france-num-pour-accelerer-la-transformation-numerique-des-pme\/","name":"Marketeon rejoint le r\u00e9seau des Activateurs France Num pour acc\u00e9l\u00e9rer la transformation num\u00e9rique des PME - Marketeon.fr","isPartOf":{"@id":"https:\/\/marketeon.fr\/#website"},"primaryImageOfPage":{"@id":"https:\/\/marketeon.fr\/index.php\/2026\/01\/21\/marketeon-rejoint-le-reseau-des-activateurs-france-num-pour-accelerer-la-transformation-numerique-des-pme\/#primaryimage"},"image":{"@id":"https:\/\/marketeon.fr\/index.php\/2026\/01\/21\/marketeon-rejoint-le-reseau-des-activateurs-france-num-pour-accelerer-la-transformation-numerique-des-pme\/#primaryimage"},"thumbnailUrl":"https:\/\/marketeon.fr\/wp-content\/uploads\/2025\/11\/marques-filles-Activateur.jpg","datePublished":"2026-01-21T12:55:55+00:00","dateModified":"2026-01-21T12:56:58+00:00","breadcrumb":{"@id":"https:\/\/marketeon.fr\/index.php\/2026\/01\/21\/marketeon-rejoint-le-reseau-des-activateurs-france-num-pour-accelerer-la-transformation-numerique-des-pme\/#breadcrumb"},"inLanguage":"en-US","potentialAction":[{"@type":"ReadAction","target":["https:\/\/marketeon.fr\/index.php\/2026\/01\/21\/marketeon-rejoint-le-reseau-des-activateurs-france-num-pour-accelerer-la-transformation-numerique-des-pme\/"]}]},{"@type":"ImageObject","inLanguage":"en-US","@id":"https:\/\/marketeon.fr\/index.php\/2026\/01\/21\/marketeon-rejoint-le-reseau-des-activateurs-france-num-pour-accelerer-la-transformation-numerique-des-pme\/#primaryimage","url":"https:\/\/marketeon.fr\/wp-content\/uploads\/2025\/11\/marques-filles-Activateur.jpg","contentUrl":"https:\/\/marketeon.fr\/wp-content\/uploads\/2025\/11\/marques-filles-Activateur.jpg","width":907,"height":826},{"@type":"BreadcrumbList","@id":"https:\/\/marketeon.fr\/index.php\/2026\/01\/21\/marketeon-rejoint-le-reseau-des-activateurs-france-num-pour-accelerer-la-transformation-numerique-des-pme\/#breadcrumb","itemListElement":[{"@type":"ListItem","position":1,"name":"Home","item":"https:\/\/marketeon.fr\/"},{"@type":"ListItem","position":2,"name":"Marketeon rejoint le r\u00e9seau des Activateurs France Num pour acc\u00e9l\u00e9rer la transformation num\u00e9rique des PME"}]},{"@type":"WebSite","@id":"https:\/\/marketeon.fr\/#website","url":"https:\/\/marketeon.fr\/","name":"Marketeon","description":"","publisher":{"@id":"https:\/\/marketeon.fr\/#organization"},"potentialAction":[{"@type":"SearchAction","target":{"@type":"EntryPoint","urlTemplate":"https:\/\/marketeon.fr\/?s={search_term_string}"},"query-input":{"@type":"PropertyValueSpecification","valueRequired":true,"valueName":"search_term_string"}}],"inLanguage":"en-US"},{"@type":"Organization","@id":"https:\/\/marketeon.fr\/#organization","name":"Marketeon","url":"https:\/\/marketeon.fr\/","logo":{"@type":"ImageObject","inLanguage":"en-US","@id":"https:\/\/marketeon.fr\/#\/schema\/logo\/image\/","url":"https:\/\/marketeon.fr\/wp-content\/uploads\/2025\/11\/cropped-Logo-Template-Logo_30-2-normal.webp","contentUrl":"https:\/\/marketeon.fr\/wp-content\/uploads\/2025\/11\/cropped-Logo-Template-Logo_30-2-normal.webp","width":1000,"height":250,"caption":"Marketeon"},"image":{"@id":"https:\/\/marketeon.fr\/#\/schema\/logo\/image\/"},"sameAs":["https:\/\/www.linkedin.com\/company\/marketeon"]},{"@type":"Person","@id":"https:\/\/marketeon.fr\/#\/schema\/person\/9ba3c6f1629c62c5a8eb59ba63128a05","name":"Marketeon","image":{"@type":"ImageObject","inLanguage":"en-US","@id":"https:\/\/secure.gravatar.com\/avatar\/4549862728a7d2ac68e7f649c24763b5ba24d9e0f9e84834fe61d9589cb73bb6?s=96&d=mm&r=g","url":"https:\/\/secure.gravatar.com\/avatar\/4549862728a7d2ac68e7f649c24763b5ba24d9e0f9e84834fe61d9589cb73bb6?s=96&d=mm&r=g","contentUrl":"https:\/\/secure.gravatar.com\/avatar\/4549862728a7d2ac68e7f649c24763b5ba24d9e0f9e84834fe61d9589cb73bb6?s=96&d=mm&r=g","caption":"Marketeon"},"sameAs":["https:\/\/marketeon.fr"],"url":"https:\/\/marketeon.fr\/index.php\/author\/david\/"}]}},"_links":{"self":[{"href":"https:\/\/marketeon.fr\/index.php\/wp-json\/wp\/v2\/posts\/739","targetHints":{"allow":["GET"]}}],"collection":[{"href":"https:\/\/marketeon.fr\/index.php\/wp-json\/wp\/v2\/posts"}],"about":[{"href":"https:\/\/marketeon.fr\/index.php\/wp-json\/wp\/v2\/types\/post"}],"author":[{"embeddable":true,"href":"https:\/\/marketeon.fr\/index.php\/wp-json\/wp\/v2\/users\/1"}],"replies":[{"embeddable":true,"href":"https:\/\/marketeon.fr\/index.php\/wp-json\/wp\/v2\/comments?post=739"}],"version-history":[{"count":2,"href":"https:\/\/marketeon.fr\/index.php\/wp-json\/wp\/v2\/posts\/739\/revisions"}],"predecessor-version":[{"id":741,"href":"https:\/\/marketeon.fr\/index.php\/wp-json\/wp\/v2\/posts\/739\/revisions\/741"}],"wp:featuredmedia":[{"embeddable":true,"href":"https:\/\/marketeon.fr\/index.php\/wp-json\/wp\/v2\/media\/726"}],"wp:attachment":[{"href":"https:\/\/marketeon.fr\/index.php\/wp-json\/wp\/v2\/media?parent=739"}],"wp:term":[{"taxonomy":"category","embeddable":true,"href":"https:\/\/marketeon.fr\/index.php\/wp-json\/wp\/v2\/categories?post=739"},{"taxonomy":"post_tag","embeddable":true,"href":"https:\/\/marketeon.fr\/index.php\/wp-json\/wp\/v2\/tags?post=739"}],"curies":[{"name":"wp","href":"https:\/\/api.w.org\/{rel}","templated":true}]}}